{"id":5530,"date":"2023-11-17T13:38:55","date_gmt":"2023-11-17T13:38:55","guid":{"rendered":"https:\/\/ata-divisions.org\/GLD\/?p=5530"},"modified":"2023-11-18T16:32:46","modified_gmt":"2023-11-18T16:32:46","slug":"leichte-sprache-als-schlussel-zu-informationen-ein-kurzer-uberblick-uber-ein-konzept-im-wandel","status":"publish","type":"post","link":"https:\/\/ata-divisions.org\/GLD\/leichte-sprache-als-schlussel-zu-informationen-ein-kurzer-uberblick-uber-ein-konzept-im-wandel\/","title":{"rendered":"Leichte Sprache als Schl\u00fcssel zu Informationen \u2013 ein kurzer \u00dcberblick \u00fcber ein Konzept im Wandel"},"content":{"rendered":"<h2><span lang=\"de\">mit Referentin: Inga Schiffler<\/span><\/h2>\n<p>Am 9. November 2023 kamen mehr als 30 GLD-Mitglieder zu einem Webinar \u00fcber das Thema <em>Leichte Sprache<\/em> zusammen.<\/p>\n<p>Die Referentin Inga Schiffler startete das Webinar mit einer Chat-Umfrage:<\/p>\n<ol>\n<li>Kennst du Leichte Sprache?<\/li>\n<li>Kennst du den Unterschied zwischen Leichter Sprache und Einfacher Sprache?<\/li>\n<\/ol>\n<p>Das Ergebnis war \u00fcberraschend: der Gro\u00dfteil antwortete mit \u201eNein\u201c oder \u201eJein\u201c. Allen wurde jedoch bald klar, was Leichte Sprache f\u00fcr ein umfangreicher und zukunftsorientierter Zweig innerhalb unserer Branche ist.<\/p>\n<p>Inga Schiffler ist Expertin f\u00fcr barrierearme Sprache in Deutschland und arbeitet freiberuflich als \u00dcbersetzerin, Dolmetscherin und Trainerin f\u00fcr Leichte und Einfache Sprache. Au\u00dferdem studierte sie Dolmetschen in und aus der spanischen Geb\u00e4rdensprache (Fachausbildung) sowie \u00dcbersetzen und Dolmetschen (B.A. und M.A.) in Spanien und Deutschland.<\/p>\n<h3>Was ist Leichte Sprache?<\/h3>\n<p>Leichte Sprache hat sich in Deutschland als Mittel zu sprachlicher Barrierefreiheit etabliert. Die Idee dahinter ist, dass verst\u00e4ndliche Sprache Zugang zu Informationen schafft \u2013 und damit demokratische Mitgestaltung und Selbstbestimmung erm\u00f6glicht.<\/p>\n<p>Die Bewegung zu Leichter Sprache hat ihren Ursprung in Amerika in den 1980er Jahren. In Europa gaben die intralingualen \u00dcbersetzungsarbeiten der Organisation <a href=\"https:\/\/www.inclusion-europe.eu\/\" target=\"_blank\" rel=\"noopener\"><em>Inclusion Europe<\/em><\/a>\u00a0den Ansto\u00df zur sprachlichen Erleichterung. \u00dcber die nordeurop\u00e4ischen L\u00e4nder erreichte diese Bewegung in den 1990er Jahren auch den deutschsprachigen Raum. Von dem Netzwerk <a href=\"https:\/\/www.menschzuerst.de\/\" target=\"_blank\" rel=\"noopener\"><em>Mensch Zuerst<\/em><\/a> in 1997 (angelehnt an den US-Verein <em>People First<\/em>) gab es mehrere Vereinigungen bis hin zur aktuellsten, dem <a href=\"https:\/\/www.leichte-sprache.org\/\" target=\"_blank\" rel=\"noopener\"><em>Netzwerk Leichte Sprache<\/em><\/a>.<\/p>\n<p>Die Bedeutung von Leichter Sprache ist au\u00dferdem durch die Intensivit\u00e4t erkennbar, mit der \u00fcber die Jahre an einem Regelwerk gearbeitet wurde, bis hin zu der <a href=\"https:\/\/www.din.de\/resource\/blob\/901378\/d7fcf52230c543cf80f503be5d284893\/anleitung-zur-kommentierung-leichte-sprache-data.pdf\" target=\"_blank\" rel=\"noopener\"><em>DIN SPEC f\u00fcr Leichte Sprache<\/em><\/a>\u00a0in 2020. Auch die rechtliche Verankerung barrierearmer Praktiken verhalf der Leichten Sprache zu mehr Beachtung, bis hin zur Novellierung des<em> Behindertengleichstellungsgesetzes<\/em> in 2018.<\/p>\n<p>Die Arbeitsbereiche f\u00fcr Leichte Sprache unterteilen sich in \u00dcbersetzen und Dolmetschen (Deutsch&gt;Leichte Sprache), mit den g\u00e4ngigen Unterbereichen, wie Druckwerke, Websites\/Apps und Audiovisuelle Medien beim \u00dcbersetzen sowie konsekutives und simultanes Dolmetschen in sozialen, medizinischen und rechtlichen Bereichen. \u00dcbrigens gibt es derzeit nur etwa 10 Dolmetscher*innen f\u00fcr Leichte Sprache in Deutschland, unsere Referentin ist eine davon.<\/p>\n<p>Weiter zeigte uns Inga Schiffler einige praktische Beispiele von ihrer Arbeit, was alles sehr illustrativ veranschaulichte.<\/p>\n<h3>Leichte oder Einfache Sprache?<\/h3>\n<p>Das folgende Bild fasst die Unterschiede der beiden Konzepte f\u00fcr sprachliche Vereinfachung anschaulich zusammen:<\/p>\n<p><img loading=\"lazy\" decoding=\"async\" class=\"alignnone size-medium wp-image-5532\" src=\"https:\/\/ata-divisions.org\/GLD\/wp-content\/uploads\/leichte-600x414.png\" alt=\"\" width=\"600\" height=\"414\" srcset=\"https:\/\/ata-divisions.org\/GLD\/wp-content\/uploads\/leichte-600x414.png 600w, https:\/\/ata-divisions.org\/GLD\/wp-content\/uploads\/leichte-768x530.png 768w, https:\/\/ata-divisions.org\/GLD\/wp-content\/uploads\/leichte-230x159.png 230w, https:\/\/ata-divisions.org\/GLD\/wp-content\/uploads\/leichte-350x242.png 350w, https:\/\/ata-divisions.org\/GLD\/wp-content\/uploads\/leichte-480x332.png 480w, https:\/\/ata-divisions.org\/GLD\/wp-content\/uploads\/leichte.png 941w\" sizes=\"auto, (max-width: 600px) 100vw, 600px\" \/><\/p>\n<p>\u00a9Inga Schiffler<\/p>\n<h3><\/h3>\n<h3>Regeln der Leichten Sprache<\/h3>\n<p>Die Regeln zu Leichter Sprache wurden von Menschen mit Lernschwierigkeiten und Menschen ohne Lernschwierigkeiten gemeinsam aufgeschrieben \u2013 nat\u00fcrlich in Leichter Sprache.<\/p>\n<p>Hier eine kleine Auswahl von Vorschl\u00e4gen der Regelwerke:<\/p>\n<ul>\n<li>kurze S\u00e4tze schreiben (z. B. eine Aussage pro Satz)<\/li>\n<li>mit Verben statt Nomen formulieren<\/li>\n<li>gleiche W\u00f6rter f\u00fcr gleiche Dinge<\/li>\n<li>einfache grammatikalische Formen nutzen (z. B. kein Passiv)<\/li>\n<li>inhaltlich und optisch klare Strukturen aufstellen<\/li>\n<li>Bilder informativ einsetzen<\/li>\n<\/ul>\n<h3>Neugierig auf mehr?<\/h3>\n<p>Alle in der Pr\u00e4sentation erw\u00e4hnten Organisationen verweisen auf Weiterbildungen. Du kannst auch erstmal bei Inga Schiffler\u2019s Online-Veranstaltungen vorbeischauen. Sie organisiert die w\u00f6chentliche <a href=\"https:\/\/www.inga-schiffler.net\/vorlese-stunde\" target=\"_blank\" rel=\"noopener\">Vorlese-Stunde<\/a> f\u00fcr Menschen mit und ohne Behinderung sowie einen monatlichen <a href=\"https:\/\/www.inga-schiffler.net\/stammtisch\" target=\"_blank\" rel=\"noopener\">Stammtisch<\/a> f\u00fcr Kolleg*innen und Interessierte der Leichten Sprache.<\/p>\n<h3>Ein letztes Wort<\/h3>\n<p>Das Thema Kommunikation ist ein Schl\u00fcsselelement in der \u00dcbersetzungsbranche, weswegen sich selbst Sprachexperten viele Stunden am Tag Gedanken \u00fcber authentische und zug\u00e4ngliche Formulierungen machen. Dieses Webinar hat nur die Spitze des Eisbergs \u00fcber das Thema Leichte Sprache angesprochen. Jedoch zieht es sich durch alle Bereiche des Lebens, ob das soziale, medizinische, technische, \u00f6konomische u.s.w. Wo k\u00f6nnte auch dein Arbeitsbereich von Leichter Sprache profitieren?<\/p>\n<p>Inga Schiffler beendete ihre Pr\u00e4sentation mit noch genug Zeit, um alle offenen Fragen zu beantworten. Im Namen der German Language Division bedankt sich das Event-Organisationsteam sowie die GLD-Vorsitzende Karen Leube ganz herzlich bei Inga Schiffler f\u00fcr die hochinformative Pr\u00e4sentation.<\/p>\n","protected":false},"excerpt":{"rendered":"<p>mit Referentin: Inga Schiffler Am 9. November 2023 kamen mehr als 30 GLD-Mitglieder zu einem Webinar \u00fcber das Thema Leichte Sprache zusammen. Die Referentin Inga Schiffler startete das Webinar mit einer Chat-Umfrage: Kennst du Leichte Sprache? Kennst du den Unterschied zwischen Leichter Sprache und Einfacher [&hellip;]<\/p>\n","protected":false},"author":32,"featured_media":5550,"comment_status":"closed","ping_status":"open","sticky":false,"template":"","format":"standard","meta":{"footnotes":""},"categories":[7],"tags":[],"class_list":["post-5530","post","type-post","status-publish","format-standard","has-post-thumbnail","hentry","category-blog"],"yoast_head":"<!-- This site is optimized with the Yoast SEO plugin v27.5 - https:\/\/yoast.com\/product\/yoast-seo-wordpress\/ -->\n<title>Leichte Sprache als Schl\u00fcssel zu Informationen \u2013 ein kurzer \u00dcberblick \u00fcber ein Konzept im Wandel - ATA German Language Division<\/title>\n<meta name=\"robots\" content=\"index, follow, max-snippet:-1, max-image-preview:large, max-video-preview:-1\" \/>\n<link rel=\"canonical\" href=\"https:\/\/ata-divisions.org\/GLD\/leichte-sprache-als-schlussel-zu-informationen-ein-kurzer-uberblick-uber-ein-konzept-im-wandel\/\" \/>\n<meta property=\"og:locale\" content=\"en_US\" \/>\n<meta property=\"og:type\" content=\"article\" \/>\n<meta property=\"og:title\" content=\"Leichte Sprache als Schl\u00fcssel zu Informationen \u2013 ein kurzer \u00dcberblick \u00fcber ein Konzept im Wandel - ATA German Language Division\" \/>\n<meta property=\"og:description\" content=\"mit Referentin: Inga Schiffler Am 9. November 2023 kamen mehr als 30 GLD-Mitglieder zu einem Webinar \u00fcber das Thema Leichte Sprache zusammen. Die Referentin Inga Schiffler startete das Webinar mit einer Chat-Umfrage: Kennst du Leichte Sprache? Kennst du den Unterschied zwischen Leichter Sprache und Einfacher [&hellip;]\" \/>\n<meta property=\"og:url\" content=\"https:\/\/ata-divisions.org\/GLD\/leichte-sprache-als-schlussel-zu-informationen-ein-kurzer-uberblick-uber-ein-konzept-im-wandel\/\" \/>\n<meta property=\"og:site_name\" content=\"ATA German Language Division\" \/>\n<meta property=\"article:published_time\" content=\"2023-11-17T13:38:55+00:00\" \/>\n<meta property=\"article:modified_time\" content=\"2023-11-18T16:32:46+00:00\" \/>\n<meta property=\"og:image\" content=\"https:\/\/ata-divisions.org\/GLD\/wp-content\/uploads\/Leichte-1.png\" \/>\n\t<meta property=\"og:image:width\" content=\"940\" \/>\n\t<meta property=\"og:image:height\" content=\"788\" \/>\n\t<meta property=\"og:image:type\" content=\"image\/png\" \/>\n<meta name=\"author\" content=\"Katrin Rippel Galati\" \/>\n<meta name=\"twitter:card\" content=\"summary_large_image\" \/>\n<meta name=\"twitter:label1\" content=\"Written by\" \/>\n\t<meta name=\"twitter:data1\" content=\"Katrin Rippel Galati\" \/>\n\t<meta name=\"twitter:label2\" content=\"Est. reading time\" \/>\n\t<meta name=\"twitter:data2\" content=\"3 minutes\" \/>\n<script type=\"application\/ld+json\" class=\"yoast-schema-graph\">{\"@context\":\"https:\\\/\\\/schema.org\",\"@graph\":[{\"@type\":\"Article\",\"@id\":\"https:\\\/\\\/ata-divisions.org\\\/GLD\\\/leichte-sprache-als-schlussel-zu-informationen-ein-kurzer-uberblick-uber-ein-konzept-im-wandel\\\/#article\",\"isPartOf\":{\"@id\":\"https:\\\/\\\/ata-divisions.org\\\/GLD\\\/leichte-sprache-als-schlussel-zu-informationen-ein-kurzer-uberblick-uber-ein-konzept-im-wandel\\\/\"},\"author\":{\"name\":\"Katrin Rippel Galati\",\"@id\":\"https:\\\/\\\/ata-divisions.org\\\/GLD\\\/#\\\/schema\\\/person\\\/a25c5b5c68e9c22feefe940805d726a8\"},\"headline\":\"Leichte Sprache als Schl\u00fcssel zu Informationen \u2013 ein kurzer \u00dcberblick \u00fcber ein Konzept im Wandel\",\"datePublished\":\"2023-11-17T13:38:55+00:00\",\"dateModified\":\"2023-11-18T16:32:46+00:00\",\"mainEntityOfPage\":{\"@id\":\"https:\\\/\\\/ata-divisions.org\\\/GLD\\\/leichte-sprache-als-schlussel-zu-informationen-ein-kurzer-uberblick-uber-ein-konzept-im-wandel\\\/\"},\"wordCount\":632,\"publisher\":{\"@id\":\"https:\\\/\\\/ata-divisions.org\\\/GLD\\\/#organization\"},\"image\":{\"@id\":\"https:\\\/\\\/ata-divisions.org\\\/GLD\\\/leichte-sprache-als-schlussel-zu-informationen-ein-kurzer-uberblick-uber-ein-konzept-im-wandel\\\/#primaryimage\"},\"thumbnailUrl\":\"https:\\\/\\\/ata-divisions.org\\\/GLD\\\/wp-content\\\/uploads\\\/Leichte-1.png\",\"articleSection\":[\"Blog\"],\"inLanguage\":\"en-US\"},{\"@type\":\"WebPage\",\"@id\":\"https:\\\/\\\/ata-divisions.org\\\/GLD\\\/leichte-sprache-als-schlussel-zu-informationen-ein-kurzer-uberblick-uber-ein-konzept-im-wandel\\\/\",\"url\":\"https:\\\/\\\/ata-divisions.org\\\/GLD\\\/leichte-sprache-als-schlussel-zu-informationen-ein-kurzer-uberblick-uber-ein-konzept-im-wandel\\\/\",\"name\":\"Leichte Sprache als Schl\u00fcssel zu Informationen \u2013 ein kurzer \u00dcberblick \u00fcber ein Konzept im Wandel - ATA German Language Division\",\"isPartOf\":{\"@id\":\"https:\\\/\\\/ata-divisions.org\\\/GLD\\\/#website\"},\"primaryImageOfPage\":{\"@id\":\"https:\\\/\\\/ata-divisions.org\\\/GLD\\\/leichte-sprache-als-schlussel-zu-informationen-ein-kurzer-uberblick-uber-ein-konzept-im-wandel\\\/#primaryimage\"},\"image\":{\"@id\":\"https:\\\/\\\/ata-divisions.org\\\/GLD\\\/leichte-sprache-als-schlussel-zu-informationen-ein-kurzer-uberblick-uber-ein-konzept-im-wandel\\\/#primaryimage\"},\"thumbnailUrl\":\"https:\\\/\\\/ata-divisions.org\\\/GLD\\\/wp-content\\\/uploads\\\/Leichte-1.png\",\"datePublished\":\"2023-11-17T13:38:55+00:00\",\"dateModified\":\"2023-11-18T16:32:46+00:00\",\"breadcrumb\":{\"@id\":\"https:\\\/\\\/ata-divisions.org\\\/GLD\\\/leichte-sprache-als-schlussel-zu-informationen-ein-kurzer-uberblick-uber-ein-konzept-im-wandel\\\/#breadcrumb\"},\"inLanguage\":\"en-US\",\"potentialAction\":[{\"@type\":\"ReadAction\",\"target\":[\"https:\\\/\\\/ata-divisions.org\\\/GLD\\\/leichte-sprache-als-schlussel-zu-informationen-ein-kurzer-uberblick-uber-ein-konzept-im-wandel\\\/\"]}]},{\"@type\":\"ImageObject\",\"inLanguage\":\"en-US\",\"@id\":\"https:\\\/\\\/ata-divisions.org\\\/GLD\\\/leichte-sprache-als-schlussel-zu-informationen-ein-kurzer-uberblick-uber-ein-konzept-im-wandel\\\/#primaryimage\",\"url\":\"https:\\\/\\\/ata-divisions.org\\\/GLD\\\/wp-content\\\/uploads\\\/Leichte-1.png\",\"contentUrl\":\"https:\\\/\\\/ata-divisions.org\\\/GLD\\\/wp-content\\\/uploads\\\/Leichte-1.png\",\"width\":940,\"height\":788},{\"@type\":\"BreadcrumbList\",\"@id\":\"https:\\\/\\\/ata-divisions.org\\\/GLD\\\/leichte-sprache-als-schlussel-zu-informationen-ein-kurzer-uberblick-uber-ein-konzept-im-wandel\\\/#breadcrumb\",\"itemListElement\":[{\"@type\":\"ListItem\",\"position\":1,\"name\":\"Home\",\"item\":\"https:\\\/\\\/ata-divisions.org\\\/GLD\\\/\"},{\"@type\":\"ListItem\",\"position\":2,\"name\":\"Leichte Sprache als Schl\u00fcssel zu Informationen \u2013 ein kurzer \u00dcberblick \u00fcber ein Konzept im Wandel\"}]},{\"@type\":\"WebSite\",\"@id\":\"https:\\\/\\\/ata-divisions.org\\\/GLD\\\/#website\",\"url\":\"https:\\\/\\\/ata-divisions.org\\\/GLD\\\/\",\"name\":\"ATA German Language Division\",\"description\":\"\",\"publisher\":{\"@id\":\"https:\\\/\\\/ata-divisions.org\\\/GLD\\\/#organization\"},\"potentialAction\":[{\"@type\":\"SearchAction\",\"target\":{\"@type\":\"EntryPoint\",\"urlTemplate\":\"https:\\\/\\\/ata-divisions.org\\\/GLD\\\/?s={search_term_string}\"},\"query-input\":{\"@type\":\"PropertyValueSpecification\",\"valueRequired\":true,\"valueName\":\"search_term_string\"}}],\"inLanguage\":\"en-US\"},{\"@type\":\"Organization\",\"@id\":\"https:\\\/\\\/ata-divisions.org\\\/GLD\\\/#organization\",\"name\":\"GLD German Language Division\",\"url\":\"https:\\\/\\\/ata-divisions.org\\\/GLD\\\/\",\"logo\":{\"@type\":\"ImageObject\",\"inLanguage\":\"en-US\",\"@id\":\"https:\\\/\\\/ata-divisions.org\\\/GLD\\\/#\\\/schema\\\/logo\\\/image\\\/\",\"url\":\"https:\\\/\\\/ata-divisions.org\\\/GLD\\\/wp-content\\\/uploads\\\/2016\\\/10\\\/GLD-ATA-Logo-blue.png\",\"contentUrl\":\"https:\\\/\\\/ata-divisions.org\\\/GLD\\\/wp-content\\\/uploads\\\/2016\\\/10\\\/GLD-ATA-Logo-blue.png\",\"width\":390,\"height\":390,\"caption\":\"GLD German Language Division\"},\"image\":{\"@id\":\"https:\\\/\\\/ata-divisions.org\\\/GLD\\\/#\\\/schema\\\/logo\\\/image\\\/\"}},{\"@type\":\"Person\",\"@id\":\"https:\\\/\\\/ata-divisions.org\\\/GLD\\\/#\\\/schema\\\/person\\\/a25c5b5c68e9c22feefe940805d726a8\",\"name\":\"Katrin Rippel Galati\",\"image\":{\"@type\":\"ImageObject\",\"inLanguage\":\"en-US\",\"@id\":\"https:\\\/\\\/secure.gravatar.com\\\/avatar\\\/64d3a114f01cf6ac3dbce43b43b0b34fb760a7e1cef431d1b1932c5a7fd5a4fb?s=96&d=mm&r=g\",\"url\":\"https:\\\/\\\/secure.gravatar.com\\\/avatar\\\/64d3a114f01cf6ac3dbce43b43b0b34fb760a7e1cef431d1b1932c5a7fd5a4fb?s=96&d=mm&r=g\",\"contentUrl\":\"https:\\\/\\\/secure.gravatar.com\\\/avatar\\\/64d3a114f01cf6ac3dbce43b43b0b34fb760a7e1cef431d1b1932c5a7fd5a4fb?s=96&d=mm&r=g\",\"caption\":\"Katrin Rippel Galati\"},\"description\":\"Katrin Rippel Galati lives her life beyond borders and loves language beyond words. Her hunger for new experiences \u2013 plus a background in international hospitality \u2013 allowed her to live outside her native Germany in various cultures, systems, and countries. Katrin received her Certificates in Translation and Localization from the T&amp;I Institute and the University of WA in Seattle, and through freelancing gained valuable translation and localization experience in major international companies. In 2015, she founded Translations on Purpose, where she offers services in marketing, localization, and audio-visual translations. She is passionate about assisting eco-lifestyle and holistic businesses with their bilingual content productions and marketing in Germany. Katrin lives with her family on a small farm at the foothills of the Blue Ridge Mountains of North Carolina.\",\"url\":\"https:\\\/\\\/ata-divisions.org\\\/GLD\\\/author\\\/katrin\\\/\"}]}<\/script>\n<!-- \/ Yoast SEO plugin. -->","yoast_head_json":{"title":"Leichte Sprache als Schl\u00fcssel zu Informationen \u2013 ein kurzer \u00dcberblick \u00fcber ein Konzept im Wandel - ATA German Language Division","robots":{"index":"index","follow":"follow","max-snippet":"max-snippet:-1","max-image-preview":"max-image-preview:large","max-video-preview":"max-video-preview:-1"},"canonical":"https:\/\/ata-divisions.org\/GLD\/leichte-sprache-als-schlussel-zu-informationen-ein-kurzer-uberblick-uber-ein-konzept-im-wandel\/","og_locale":"en_US","og_type":"article","og_title":"Leichte Sprache als Schl\u00fcssel zu Informationen \u2013 ein kurzer \u00dcberblick \u00fcber ein Konzept im Wandel - ATA German Language Division","og_description":"mit Referentin: Inga Schiffler Am 9. November 2023 kamen mehr als 30 GLD-Mitglieder zu einem Webinar \u00fcber das Thema Leichte Sprache zusammen. Die Referentin Inga Schiffler startete das Webinar mit einer Chat-Umfrage: Kennst du Leichte Sprache? Kennst du den Unterschied zwischen Leichter Sprache und Einfacher [&hellip;]","og_url":"https:\/\/ata-divisions.org\/GLD\/leichte-sprache-als-schlussel-zu-informationen-ein-kurzer-uberblick-uber-ein-konzept-im-wandel\/","og_site_name":"ATA German Language Division","article_published_time":"2023-11-17T13:38:55+00:00","article_modified_time":"2023-11-18T16:32:46+00:00","og_image":[{"width":940,"height":788,"url":"https:\/\/ata-divisions.org\/GLD\/wp-content\/uploads\/Leichte-1.png","type":"image\/png"}],"author":"Katrin Rippel Galati","twitter_card":"summary_large_image","twitter_misc":{"Written by":"Katrin Rippel Galati","Est. reading time":"3 minutes"},"schema":{"@context":"https:\/\/schema.org","@graph":[{"@type":"Article","@id":"https:\/\/ata-divisions.org\/GLD\/leichte-sprache-als-schlussel-zu-informationen-ein-kurzer-uberblick-uber-ein-konzept-im-wandel\/#article","isPartOf":{"@id":"https:\/\/ata-divisions.org\/GLD\/leichte-sprache-als-schlussel-zu-informationen-ein-kurzer-uberblick-uber-ein-konzept-im-wandel\/"},"author":{"name":"Katrin Rippel Galati","@id":"https:\/\/ata-divisions.org\/GLD\/#\/schema\/person\/a25c5b5c68e9c22feefe940805d726a8"},"headline":"Leichte Sprache als Schl\u00fcssel zu Informationen \u2013 ein kurzer \u00dcberblick \u00fcber ein Konzept im Wandel","datePublished":"2023-11-17T13:38:55+00:00","dateModified":"2023-11-18T16:32:46+00:00","mainEntityOfPage":{"@id":"https:\/\/ata-divisions.org\/GLD\/leichte-sprache-als-schlussel-zu-informationen-ein-kurzer-uberblick-uber-ein-konzept-im-wandel\/"},"wordCount":632,"publisher":{"@id":"https:\/\/ata-divisions.org\/GLD\/#organization"},"image":{"@id":"https:\/\/ata-divisions.org\/GLD\/leichte-sprache-als-schlussel-zu-informationen-ein-kurzer-uberblick-uber-ein-konzept-im-wandel\/#primaryimage"},"thumbnailUrl":"https:\/\/ata-divisions.org\/GLD\/wp-content\/uploads\/Leichte-1.png","articleSection":["Blog"],"inLanguage":"en-US"},{"@type":"WebPage","@id":"https:\/\/ata-divisions.org\/GLD\/leichte-sprache-als-schlussel-zu-informationen-ein-kurzer-uberblick-uber-ein-konzept-im-wandel\/","url":"https:\/\/ata-divisions.org\/GLD\/leichte-sprache-als-schlussel-zu-informationen-ein-kurzer-uberblick-uber-ein-konzept-im-wandel\/","name":"Leichte Sprache als Schl\u00fcssel zu Informationen \u2013 ein kurzer \u00dcberblick \u00fcber ein Konzept im Wandel - ATA German Language Division","isPartOf":{"@id":"https:\/\/ata-divisions.org\/GLD\/#website"},"primaryImageOfPage":{"@id":"https:\/\/ata-divisions.org\/GLD\/leichte-sprache-als-schlussel-zu-informationen-ein-kurzer-uberblick-uber-ein-konzept-im-wandel\/#primaryimage"},"image":{"@id":"https:\/\/ata-divisions.org\/GLD\/leichte-sprache-als-schlussel-zu-informationen-ein-kurzer-uberblick-uber-ein-konzept-im-wandel\/#primaryimage"},"thumbnailUrl":"https:\/\/ata-divisions.org\/GLD\/wp-content\/uploads\/Leichte-1.png","datePublished":"2023-11-17T13:38:55+00:00","dateModified":"2023-11-18T16:32:46+00:00","breadcrumb":{"@id":"https:\/\/ata-divisions.org\/GLD\/leichte-sprache-als-schlussel-zu-informationen-ein-kurzer-uberblick-uber-ein-konzept-im-wandel\/#breadcrumb"},"inLanguage":"en-US","potentialAction":[{"@type":"ReadAction","target":["https:\/\/ata-divisions.org\/GLD\/leichte-sprache-als-schlussel-zu-informationen-ein-kurzer-uberblick-uber-ein-konzept-im-wandel\/"]}]},{"@type":"ImageObject","inLanguage":"en-US","@id":"https:\/\/ata-divisions.org\/GLD\/leichte-sprache-als-schlussel-zu-informationen-ein-kurzer-uberblick-uber-ein-konzept-im-wandel\/#primaryimage","url":"https:\/\/ata-divisions.org\/GLD\/wp-content\/uploads\/Leichte-1.png","contentUrl":"https:\/\/ata-divisions.org\/GLD\/wp-content\/uploads\/Leichte-1.png","width":940,"height":788},{"@type":"BreadcrumbList","@id":"https:\/\/ata-divisions.org\/GLD\/leichte-sprache-als-schlussel-zu-informationen-ein-kurzer-uberblick-uber-ein-konzept-im-wandel\/#breadcrumb","itemListElement":[{"@type":"ListItem","position":1,"name":"Home","item":"https:\/\/ata-divisions.org\/GLD\/"},{"@type":"ListItem","position":2,"name":"Leichte Sprache als Schl\u00fcssel zu Informationen \u2013 ein kurzer \u00dcberblick \u00fcber ein Konzept im Wandel"}]},{"@type":"WebSite","@id":"https:\/\/ata-divisions.org\/GLD\/#website","url":"https:\/\/ata-divisions.org\/GLD\/","name":"ATA German Language Division","description":"","publisher":{"@id":"https:\/\/ata-divisions.org\/GLD\/#organization"},"potentialAction":[{"@type":"SearchAction","target":{"@type":"EntryPoint","urlTemplate":"https:\/\/ata-divisions.org\/GLD\/?s={search_term_string}"},"query-input":{"@type":"PropertyValueSpecification","valueRequired":true,"valueName":"search_term_string"}}],"inLanguage":"en-US"},{"@type":"Organization","@id":"https:\/\/ata-divisions.org\/GLD\/#organization","name":"GLD German Language Division","url":"https:\/\/ata-divisions.org\/GLD\/","logo":{"@type":"ImageObject","inLanguage":"en-US","@id":"https:\/\/ata-divisions.org\/GLD\/#\/schema\/logo\/image\/","url":"https:\/\/ata-divisions.org\/GLD\/wp-content\/uploads\/2016\/10\/GLD-ATA-Logo-blue.png","contentUrl":"https:\/\/ata-divisions.org\/GLD\/wp-content\/uploads\/2016\/10\/GLD-ATA-Logo-blue.png","width":390,"height":390,"caption":"GLD German Language Division"},"image":{"@id":"https:\/\/ata-divisions.org\/GLD\/#\/schema\/logo\/image\/"}},{"@type":"Person","@id":"https:\/\/ata-divisions.org\/GLD\/#\/schema\/person\/a25c5b5c68e9c22feefe940805d726a8","name":"Katrin Rippel Galati","image":{"@type":"ImageObject","inLanguage":"en-US","@id":"https:\/\/secure.gravatar.com\/avatar\/64d3a114f01cf6ac3dbce43b43b0b34fb760a7e1cef431d1b1932c5a7fd5a4fb?s=96&d=mm&r=g","url":"https:\/\/secure.gravatar.com\/avatar\/64d3a114f01cf6ac3dbce43b43b0b34fb760a7e1cef431d1b1932c5a7fd5a4fb?s=96&d=mm&r=g","contentUrl":"https:\/\/secure.gravatar.com\/avatar\/64d3a114f01cf6ac3dbce43b43b0b34fb760a7e1cef431d1b1932c5a7fd5a4fb?s=96&d=mm&r=g","caption":"Katrin Rippel Galati"},"description":"Katrin Rippel Galati lives her life beyond borders and loves language beyond words. Her hunger for new experiences \u2013 plus a background in international hospitality \u2013 allowed her to live outside her native Germany in various cultures, systems, and countries. Katrin received her Certificates in Translation and Localization from the T&amp;I Institute and the University of WA in Seattle, and through freelancing gained valuable translation and localization experience in major international companies. In 2015, she founded Translations on Purpose, where she offers services in marketing, localization, and audio-visual translations. She is passionate about assisting eco-lifestyle and holistic businesses with their bilingual content productions and marketing in Germany. Katrin lives with her family on a small farm at the foothills of the Blue Ridge Mountains of North Carolina.","url":"https:\/\/ata-divisions.org\/GLD\/author\/katrin\/"}]}},"_links":{"self":[{"href":"https:\/\/ata-divisions.org\/GLD\/wp-json\/wp\/v2\/posts\/5530","targetHints":{"allow":["GET"]}}],"collection":[{"href":"https:\/\/ata-divisions.org\/GLD\/wp-json\/wp\/v2\/posts"}],"about":[{"href":"https:\/\/ata-divisions.org\/GLD\/wp-json\/wp\/v2\/types\/post"}],"author":[{"embeddable":true,"href":"https:\/\/ata-divisions.org\/GLD\/wp-json\/wp\/v2\/users\/32"}],"replies":[{"embeddable":true,"href":"https:\/\/ata-divisions.org\/GLD\/wp-json\/wp\/v2\/comments?post=5530"}],"version-history":[{"count":5,"href":"https:\/\/ata-divisions.org\/GLD\/wp-json\/wp\/v2\/posts\/5530\/revisions"}],"predecessor-version":[{"id":5536,"href":"https:\/\/ata-divisions.org\/GLD\/wp-json\/wp\/v2\/posts\/5530\/revisions\/5536"}],"wp:featuredmedia":[{"embeddable":true,"href":"https:\/\/ata-divisions.org\/GLD\/wp-json\/wp\/v2\/media\/5550"}],"wp:attachment":[{"href":"https:\/\/ata-divisions.org\/GLD\/wp-json\/wp\/v2\/media?parent=5530"}],"wp:term":[{"taxonomy":"category","embeddable":true,"href":"https:\/\/ata-divisions.org\/GLD\/wp-json\/wp\/v2\/categories?post=5530"},{"taxonomy":"post_tag","embeddable":true,"href":"https:\/\/ata-divisions.org\/GLD\/wp-json\/wp\/v2\/tags?post=5530"}],"curies":[{"name":"wp","href":"https:\/\/api.w.org\/{rel}","templated":true}]}}